{"id":1856,"date":"2020-10-30T11:56:53","date_gmt":"2020-10-30T11:56:53","guid":{"rendered":"https:\/\/tistyleit.com\/made-in-italy\/"},"modified":"2024-07-01T13:48:20","modified_gmt":"2024-07-01T13:48:20","slug":"made-in-italy","status":"publish","type":"post","link":"https:\/\/tistyleit.com\/fr\/made-in-italy\/","title":{"rendered":"Made in Italy"},"content":{"rendered":"<div class=\"ms-visual-block ms-block-title ms-custom-font msVisualElement5fbb75697ffdf\">\n<h3 class=\"ms-custom-color\" style=\"text-align: left\"><strong>Fashion e lusso, Tiziana Crociani (Ti STYLE iT): \u2019Il made in Italy come pietra miliare nell\u2019economia globale\u2019<\/strong><\/h3>\n<p>&nbsp;<\/p>\n<p style=\"text-align: left\"><img loading=\"lazy\" decoding=\"async\" class=\"alignleft wp-image-625\" src=\"https:\/\/tistyleit.com\/wp-content\/uploads\/2020\/11\/TIZIANACROCIANI-300x200.png\" alt=\"\" width=\"397\" height=\"265\" srcset=\"https:\/\/tistyleit.com\/wp-content\/uploads\/2020\/11\/TIZIANACROCIANI-300x200.png 300w, https:\/\/tistyleit.com\/wp-content\/uploads\/2020\/11\/TIZIANACROCIANI-219x146.png 219w, https:\/\/tistyleit.com\/wp-content\/uploads\/2020\/11\/TIZIANACROCIANI-50x33.png 50w, https:\/\/tistyleit.com\/wp-content\/uploads\/2020\/11\/TIZIANACROCIANI-112x75.png 112w, https:\/\/tistyleit.com\/wp-content\/uploads\/2020\/11\/TIZIANACROCIANI.png 700w\" sizes=\"auto, (max-width:767px) 397px, 397px\" \/><\/p>\n<p>&nbsp;<\/p>\n<p style=\"text-align: left\"><em>La crisi sanitaria ha cambiato l\u2019economia globale e le dinamiche economiche ed ha oltremodo evidenziato quanto i mercati siano tra di loro integrati e interdipendenti. Noi imprenditori oggi abbiamo un grande compito; cio\u00e8 quello di non fermarci di fronte alle difficolt\u00e0 ma di analizzare le criticit\u00e0 per trasformarle in nuove opportunit\u00e0 fondate sui propri vantaggi competitivi. Proprio il made in Italy con le sue peculiarit\u00e0 quali l\u2019artigianalit\u00e0, qualit\u00e0, attenzione ai dettagli, creativit\u00e0 \u00e8 senza dubbio una leva strategica per l\u2019internazionalizzazione<\/em><\/p>\n<p>&nbsp;<\/p>\n<p style=\"text-align: left\">Fashion e lusso, un mercato che guarda al futuro con fiducia. Noi di \u2018<b>CUOREECONOMICO\u2019<\/b> abbiamo parlato con <b>Tiziana Crociani<\/b>, fondatrice di <b>Ti STYLE iT<\/b>, azienda di sviluppo e ricerca, progettazione delle collezioni alto di gamma e produzione in serie dei capi di abbigliamento donna-uomo. Un gruppo solido, con 50 dipendenti e una filiera produttiva di circa 500 addetti con un fatturato in crescita da anni.<\/p>\n<p>&nbsp;<\/p>\n<p style=\"text-align: left\"><b>Siamo dentro la seconda ondata della pandemia: come la sta affrontando la sua azienda?<\/b><\/p>\n<p style=\"text-align: left\"><em>\u00abE\u2019 una situazione apocalittica, la stiamo affrontando nella maniera pi\u00f9 responsabile: adottando precauzioni, comportamenti a salvaguardia della salute di dipendenti e clienti. Abbiamo investito in macchinari per la sanificazione, distanziamento, gel, mascherine seguendo tutti i protocolli. Le aziende, se sono ben gestite, sono le pi\u00f9 sicure.<\/em><\/p>\n<p style=\"text-align: left\">Quello che vediamo per\u00f2 \u00e8 una deresponsabilizzazione generale delle figure che dovrebbero tenere le redini come medici e governo. I medici bloccano subito a casa al primo sintomo e le segnalazioni intasano le Asl. \u00c8 una situazione isterica, sicuramente dovevamo arrivarci pi\u00f9 preparati ed equilibrati\u00bb.<\/p>\n<p style=\"text-align: left\"><img loading=\"lazy\" decoding=\"async\" class=\"alignleft wp-image-627\" src=\"https:\/\/tistyleit.com\/wp-content\/uploads\/2020\/11\/Ti-STYLE-iT-300x200.jpg\" alt=\"\" width=\"398\" height=\"265\" srcset=\"https:\/\/tistyleit.com\/wp-content\/uploads\/2020\/11\/Ti-STYLE-iT-300x200.jpg 300w, https:\/\/tistyleit.com\/wp-content\/uploads\/2020\/11\/Ti-STYLE-iT-1024x682.jpg 1024w, https:\/\/tistyleit.com\/wp-content\/uploads\/2020\/11\/Ti-STYLE-iT-768x512.jpg 768w, https:\/\/tistyleit.com\/wp-content\/uploads\/2020\/11\/Ti-STYLE-iT-1536x1023.jpg 1536w, https:\/\/tistyleit.com\/wp-content\/uploads\/2020\/11\/Ti-STYLE-iT-219x146.jpg 219w, https:\/\/tistyleit.com\/wp-content\/uploads\/2020\/11\/Ti-STYLE-iT-50x33.jpg 50w, https:\/\/tistyleit.com\/wp-content\/uploads\/2020\/11\/Ti-STYLE-iT-113x75.jpg 113w, https:\/\/tistyleit.com\/wp-content\/uploads\/2020\/11\/Ti-STYLE-iT.jpg 1600w\" sizes=\"auto, (max-width:767px) 398px, 398px\" \/><\/p>\n<p>&nbsp;<\/p>\n<p style=\"text-align: left\"><b>Il \u2018lusso\u2019 quanto sta risentendo di questo momento a livello globale?<\/b><\/p>\n<p style=\"text-align: left\"><em>\u00abIl mondo della moda e del lusso \u00e8 fra i comparti che ha sofferto meno, anche se ci sono delle oscillazioni di mercato. Le persone economicamente benestanti non rinunciano al proprio stile di vita, per\u00f2 il lockdown e le chiusure hanno portato la gente a uscire meno perch\u00e9 ci sono meno eventi e meno occasioni e questo ha generato un contraccolpo. Sicuramente ci stanno aiutando molto l\u2019on-line e il digitale, filiere su cui abbiamo investito tanto\u00bb.<\/em><\/p>\n<p>&nbsp;<\/p>\n<p>&nbsp;<\/p>\n<\/div>\n<p>&nbsp;<\/p>\n<p>&nbsp;<\/p>\n<div class=\"ms-visual-block ms-block-title ms-custom-font msVisualElement5fbb75697ffdf\">\n<p style=\"text-align: left\"><b>Un tema che ci sta particolarmente a cuore \u00e8 l\u2019internazionalizzazione. Il prossimo <a href=\"https:\/\/www.cuoreeconomico.com\/glocal-forum-2020\/\">GLOCAL ECONOMIC FORUM ESG89 del 13 novembre<\/a> che sar\u00e0 in edizione DIGITALEVENT tratter\u00e0 proprio questo tema perch\u00e9 lo riteniamo sempre pi\u00f9 strategico per le imprese vincenti. Come vi affacciate ai mercati esteri?<\/b><\/p>\n<p style=\"text-align: left\"><em>\u00abL\u201980% del nostro fatturato \u00e8 dovuto all\u2019export. Tra i mercati di sbocco ci sono la Francia, Inghilterra, Asia e America. In Asia tutto sta procedendo in maniera regolare a tal punto che le vendite sono salite nel mondo del lusso. Assistiamo al fenomeno del revenge spending perch\u00e9 gli asiatici, anche se il prodotto \u00e8 pi\u00f9 caro per ragioni di dazi doganali, comunque acquistano. C\u2019\u00e8 voglia di vivere a livello psicologico.<\/em><\/p>\n<p style=\"text-align: left\">Dal mio punto di vista noi abbiamo un vantaggio: il <b>made in Italy<\/b> resta una pietra miliare nell\u2019economia globale. In questo senso l\u2019internazionalizzazione \u00e8 un fenomeno imprescindibile. La crisi sanitaria ha cambiato l\u2019economia globale e le dinamiche economiche ed ha oltremodo evidenziato quanto i mercati siano tra di loro integrati e interdipendenti.<\/p>\n<p style=\"text-align: left\"><em>Noi imprenditori oggi abbiamo un grande compito, cio\u00e8 quello di non fermarci di fronte alle difficolt\u00e0 ma di analizzare le criticit\u00e0 per trasformarle in nuove opportunit\u00e0 fondate sui propri vantaggi competitivi. <b>Proprio il made in Italy con le sue peculiarit\u00e0 quali l\u2019artigianalit\u00e0, qualit\u00e0, attenzione ai dettagli, creativit\u00e0 \u00e8 senza dubbio una leva strategica per l\u2019internazionalizzazione<\/b>\u00bb.<\/em><\/p>\n<p>&nbsp;<\/p>\n<p style=\"text-align: left\"><img loading=\"lazy\" decoding=\"async\" class=\"alignleft wp-image-629\" src=\"https:\/\/tistyleit.com\/wp-content\/uploads\/2020\/11\/TiSTYLEiT-300x200.jpg\" alt=\"\" width=\"398\" height=\"265\" srcset=\"https:\/\/tistyleit.com\/wp-content\/uploads\/2020\/11\/TiSTYLEiT-300x200.jpg 300w, https:\/\/tistyleit.com\/wp-content\/uploads\/2020\/11\/TiSTYLEiT-1024x682.jpg 1024w, https:\/\/tistyleit.com\/wp-content\/uploads\/2020\/11\/TiSTYLEiT-768x512.jpg 768w, https:\/\/tistyleit.com\/wp-content\/uploads\/2020\/11\/TiSTYLEiT-1536x1023.jpg 1536w, https:\/\/tistyleit.com\/wp-content\/uploads\/2020\/11\/TiSTYLEiT-219x146.jpg 219w, https:\/\/tistyleit.com\/wp-content\/uploads\/2020\/11\/TiSTYLEiT-50x33.jpg 50w, https:\/\/tistyleit.com\/wp-content\/uploads\/2020\/11\/TiSTYLEiT-113x75.jpg 113w, https:\/\/tistyleit.com\/wp-content\/uploads\/2020\/11\/TiSTYLEiT.jpg 1600w\" sizes=\"auto, (max-width:767px) 398px, 398px\" \/><\/p>\n<p style=\"text-align: left\"><b>Il sistema Italia, in questo momento, a livello governativo regionale e nazionale sta supportando le aziende?<\/b><\/p>\n<p style=\"text-align: left\"><em>\u00abSicuramente la situazione \u00e8 difficile per tutti, tuttavia notiamo che il governo sta producendo decreti senza cogliere le conseguenze devastanti di quello che legifera. Ci sono atteggiamenti poco ponderati e le rassicurazioni non sono supportate dai fatti. Si sta vivendo il politichese: per esempio serviva liquidit\u00e0 immediata per poter chiudere le aziende, l\u2019impatto dell\u2019ultimo Dpcm \u00e8 devastante\u00bb.<\/em><\/p>\n<p style=\"text-align: left\"><b>Donna, imprenditrice e manager in un\u2019azienda di successo nel lusso, come coniugare la famiglia, gli impegni spesso all\u2019estero e l\u2019organizzazione in azienda?<\/b><\/p>\n<p style=\"text-align: left\"><em>\u00abSono una donna imprenditrice, passionale e pragmatica, sono eclettica e molto focalizzata sugli obiettivi mirando alla concretizzazione della vision. Mio marito lavora in azienda con me ed ho un figlio a cui cerco di dare il massimo supporto. Sono 23 anni che lavoro nel mondo della moda e i sacrifici nella vita privata sono tanti, ma con intelligenza ed equilibrio, stabilendo le priorit\u00e0, si ottengono gli obiettivi professionali e familiari\u00bb.  <\/em><\/p>\n<\/div>\n<p>&nbsp;<\/p>\n<p style=\"text-align: left\">Articolo completo: <a href=\"https:\/\/www.cuoreeconomico.com\/fashion-e-lusso-tiziana-crociani-ti-style-itil-made-in-italy-come-pietra-miliare-nelleconomia-globale\/\">https:\/\/www.cuoreeconomico.com\/fashion-e-lusso-tiziana-crociani-ti-style-itil-made-in-italy-come-pietra-miliare-nelleconomia-globale\/<\/a><\/p>\n<div class=\"ms-visual-block ms-block-title ms-custom-font msVisualElement5fbb75697ffdf\">\n<p>&nbsp;<\/p>\n<\/div>\n<h3 class=\"ms-visual-block ms-block-image msVisualElement5fbb75698033a\"><\/h3>\n<p>&nbsp;<\/p>\n","protected":false},"excerpt":{"rendered":"<p>Fashion e lusso, Tiziana Crociani (Ti STYLE iT): \u2019Il made in Italy come pietra miliare nell\u2019economia globale\u2019 &nbsp; &nbsp; La crisi sanitaria ha cambiato l\u2019economia globale<span class=\"excerpt-hellip\"> [\u2026]<\/span><\/p>\n","protected":false},"author":7,"featured_media":1455,"comment_status":"open","ping_status":"open","sticky":false,"template":"","format":"standard","meta":{"footnotes":""},"categories":[18],"tags":[35],"class_list":["post-1856","post","type-post","status-publish","format-standard","has-post-thumbnail","hentry","category-non-classifiee","tag-made-in-italy-produzione-moda-donna-produzione-fashion-ti-style-it-fr"],"_links":{"self":[{"href":"https:\/\/tistyleit.com\/fr\/wp-json\/wp\/v2\/posts\/1856","targetHints":{"allow":["GET"]}}],"collection":[{"href":"https:\/\/tistyleit.com\/fr\/wp-json\/wp\/v2\/posts"}],"about":[{"href":"https:\/\/tistyleit.com\/fr\/wp-json\/wp\/v2\/types\/post"}],"author":[{"embeddable":true,"href":"https:\/\/tistyleit.com\/fr\/wp-json\/wp\/v2\/users\/7"}],"replies":[{"embeddable":true,"href":"https:\/\/tistyleit.com\/fr\/wp-json\/wp\/v2\/comments?post=1856"}],"version-history":[{"count":1,"href":"https:\/\/tistyleit.com\/fr\/wp-json\/wp\/v2\/posts\/1856\/revisions"}],"predecessor-version":[{"id":1889,"href":"https:\/\/tistyleit.com\/fr\/wp-json\/wp\/v2\/posts\/1856\/revisions\/1889"}],"wp:featuredmedia":[{"embeddable":true,"href":"https:\/\/tistyleit.com\/fr\/wp-json\/wp\/v2\/media\/1455"}],"wp:attachment":[{"href":"https:\/\/tistyleit.com\/fr\/wp-json\/wp\/v2\/media?parent=1856"}],"wp:term":[{"taxonomy":"category","embeddable":true,"href":"https:\/\/tistyleit.com\/fr\/wp-json\/wp\/v2\/categories?post=1856"},{"taxonomy":"post_tag","embeddable":true,"href":"https:\/\/tistyleit.com\/fr\/wp-json\/wp\/v2\/tags?post=1856"}],"curies":[{"name":"wp","href":"https:\/\/api.w.org\/{rel}","templated":true}]}}